{"id":5603,"date":"2019-02-06T03:28:24","date_gmt":"2019-02-06T02:28:24","guid":{"rendered":"https:\/\/www.vla-bag.ch\/2019\/02\/06\/construire-len-tete-de-la-page-daccueil\/"},"modified":"2025-08-17T18:09:27","modified_gmt":"2025-08-17T16:09:27","slug":"construire-len-tete-de-la-page-daccueil","status":"publish","type":"post","link":"https:\/\/www.vla-bag.ch\/fr\/2019\/02\/06\/construire-len-tete-de-la-page-daccueil\/","title":{"rendered":"Construire l&rsquo;en-t\u00eate de la page d&rsquo;accueil"},"content":{"rendered":"&#13;\n<p>La page d&rsquo;accueil utilise un \u00e9l\u00e9ment d&rsquo;en-t\u00eate tr\u00e8s sp\u00e9cifique. Il profite de presque toutes les fonctionnalit\u00e9s de l&rsquo;\u00e9l\u00e9ment d&rsquo;en-t\u00eate. Cela inclut l&rsquo;arri\u00e8re-plan de l&rsquo;image en vedette, la fusion avec l&rsquo;en-t\u00eate du site et l&#8217;emplacement et les couleurs de navigation personnalis\u00e9s. Pour en savoir plus sur l&rsquo;\u00e9l\u00e9ment d&rsquo;en-t\u00eate, cliquez ici :   <\/p>&#13;\n&#13;\n<figure class=\"wp-block-embed-wordpress wp-block-embed is-type-wp-embed is-provider-documentation\"><div class=\"wp-block-embed__wrapper\">&#13;\nhttps:\/\/docs.generatepress.com\/article\/header-element-overview\/&#13;\n<\/div><\/figure>&#13;\n&#13;\n<h2 class=\"wp-block-heading\">L&rsquo;\u00e9l\u00e9ment d&rsquo;en-t\u00eate du site fusionn\u00e9<\/h2>&#13;\n&#13;\n<p>Pour \u00e9diter l&rsquo;en-t\u00eate allez \u00e0 : <strong>Apparence &gt; Elements -&gt; Home Page Hero - Merged.<\/strong> A noter que cet en-t\u00eate a \u00e9t\u00e9 con\u00e7u sp\u00e9cifiquement autour de l&rsquo;image. Nous couvrons maintenant les diff\u00e9rents param\u00e8tres et leur but. Cela devrait vous fournir suffisamment de compr\u00e9hension sur la fa\u00e7on de manipuler l&rsquo;en-t\u00eate pour votre propre contenu.  <br\/><\/p>&#13;\n&#13;\n<h3 class=\"wp-block-heading\">Param\u00e8tres de l&rsquo;onglet Page Hero<\/h3>&#13;\n&#13;\n<ul class=\"list-class wp-block-list\"><li><strong>Hero Content &gt;<\/strong> Balisage HTML de base compos\u00e9 d&rsquo;un sous-titre de balise span, d&rsquo;une balise H1 pour l&rsquo;en-t\u00eate principal et d&rsquo;une balise d&rsquo;ancrage utilisant la classe GP Button.<\/li><li><strong>Classes d&rsquo;\u00e9l\u00e9ments &gt;<\/strong>  <em>None<\/em><\/li><li><strong>Conteneur &gt;<\/strong> Set to contained<\/li><li><strong>Padding Desktop &gt;<\/strong> Notable le 30% RHS padding est la cr\u00e9ation d&rsquo;une zone de s\u00e9curit\u00e9 pour emp\u00eacher le contenu de la page h\u00e9ros de chevaucher le RHS de l&rsquo;image.<\/li><li><strong>Padding Mobile &gt;<\/strong> Mettre un padding s\u00e9par\u00e9 pour permettre au texte de s&rsquo;\u00e9tendre sur l&rsquo;\u00e9l\u00e9ment d&rsquo;en-t\u00eate.<\/li><li><strong>Background Image &gt;<\/strong> Utilise l&rsquo;image en vedette et la met au centre. The featured images is disabled in the page content. <\/li><li><strong>Colors &gt;<\/strong> pas de couleur d&rsquo;arri\u00e8re-plan ou de superposition. Les couleurs du texte ont \u00e9t\u00e9 ajust\u00e9es pour l&rsquo;en-t\u00eate. Toutes les couleurs sont laiss\u00e9es par d\u00e9faut dans les param\u00e8tres de personnalisation.  <\/li><\/ul>&#13;\n&#13;\n<h3 class=\"wp-block-heading\">Param\u00e8tres de l&rsquo;onglet En-t\u00eate du site<\/h3>&#13;\n&#13;\n<ul class=\"wp-block-list\"><li><strong>Fusionner avec le contenu &gt;<\/strong> Fusionner<\/li><li><strong>D\u00e9caler la hauteur de l&rsquo;en-t\u00eate du site &gt;<\/strong> \u00e0 169px sur ordinateur et 50px sur mobile. Ces valeurs sont la hauteur brute de l&rsquo;en-t\u00eate du site et de l&rsquo;en-t\u00eate mobile. Cela emp\u00eache notre contenu de se d\u00e9placer sous la navigation et l&rsquo;en-t\u00eate du site.  <\/li><li><strong>Couleurs &gt;<\/strong> L&rsquo;arri\u00e8re-plan est d\u00e9fini sur un blanc transparent et le titre du site et la ligne de balises restent par d\u00e9faut et respectent les couleurs d\u00e9finies dans le Customizer.<\/li><li><strong>Navigation Location &gt;<\/strong> D\u00e9faut<\/li><li><strong>Couleurs de navigation &gt;<\/strong> V\u00e9rifi\u00e9 et l&rsquo;arri\u00e8re-plan est d\u00e9fini sur transparent.<\/li><\/ul>&#13;\n&#13;\n<h3 class=\"wp-block-heading\">R\u00e8gles d&rsquo;affichage<\/h3>&#13;\n&#13;\n<p>Cet en-t\u00eate est d\u00e9fini pour s&rsquo;afficher sur la <strong>page d&rsquo;accueil<\/strong>. Il s&rsquo;agit du terme par d\u00e9faut pour la page qui a \u00e9t\u00e9 attribu\u00e9e dans <strong>Dashboard &gt; Settings &gt; Reading -&gt;<\/strong> Your <strong>Home Page Displays.<\/strong> <\/p>&#13;\n&#13;\n<h2 class=\"wp-block-heading\">Foire aux questions<\/h2>&#13;\n&#13;\n<h3 class=\"wp-block-heading\">Comment changer l&rsquo;image d&rsquo;arri\u00e8re-plan ?<\/h3>&#13;\n&#13;\n<p>L&rsquo;\u00e9l\u00e9ment d&rsquo;en-t\u00eate utilise l&rsquo;arri\u00e8re-plan de l&rsquo;image en vedette. Il suffit de changer l&rsquo;image en vedette dans l&rsquo;\u00e9diteur de message sur la page d&rsquo;accueil. <\/p>&#13;\n&#13;\n<h3 class=\"wp-block-heading\">Comment modifier l&rsquo;en-t\u00eate et le sous-en-t\u00eate ?<\/h3>&#13;\n&#13;\n<p>\u00c9ditez les \u00e9l\u00e9ments d&rsquo;en-t\u00eate du contenu h\u00e9ro\u00efque. Les styles et tailles de police sont d\u00e9finis dans les param\u00e8tres du <strong>Customizer &gt; Typograpghy<\/strong>  <\/p>&#13;\n&#13;\n<h3 class=\"wp-block-heading\">Comment ajuster le contenu du texte ?<\/h3>&#13;\n&#13;\n<p>L&rsquo;en-t\u00eate et le sous-en-t\u00eate actuels sont contenus, de sorte qu&rsquo;ils ne chevauchent pas la partie plus sombre de l&rsquo;image sur le c\u00f4t\u00e9 droit de la main. Pour ce faire, ajoutez un padding suppl\u00e9mentaire sur le c\u00f4t\u00e9 droit de l&rsquo;\u00e9l\u00e9ment d&rsquo;en-t\u00eate. Supprimez ou modifiez le remplissage en fonction de vos besoins.  <\/p>&#13;\n&#13;\n<h3 class=\"wp-block-heading\">Comment changer les couleurs de navigation ?<\/h3>&#13;\n&#13;\n<p>Dans l&rsquo;onglet En-t\u00eate du site, vous disposez de contr\u00f4les de couleur pour l&rsquo;en-t\u00eate et la navigation. Celles-ci remplacent les couleurs d\u00e9finies dans le customizer. Note : les couleurs dans le customizer s&rsquo;appliqueront toujours \u00e0 la navigation collante.  <\/p>&#13;\n&#13;\n<h3 class=\"wp-block-heading\">Comment utiliser cet \u00e9l\u00e9ment d&rsquo;en-t\u00eate sur d&rsquo;autres pages ?<\/h3>&#13;\n&#13;\n<p>Si vous voulez une copie exacte de cet en-t\u00eate, vous pouvez simplement ajouter plus de pages, de posts ou de mod\u00e8les aux r\u00e8gles d&rsquo;affichage. Mais comme la page d&rsquo;accueil m\u00e9riterait des en-t\u00eates tr\u00e8s sp\u00e9cifiques, vous voudrez probablement en faire une copie et modifier le contenu en fonction de vos besoins. Bien s\u00fbr, vous pouvez le faire manuellement ou utiliser le plugin Duplicate Post - assurez-vous juste de modifier les param\u00e8tres du plugin et d&rsquo;inclure des \u00e9l\u00e9ments.  <\/p>&#13;\n","protected":false},"excerpt":{"rendered":"<p>Voici l&rsquo;extrait<\/p>\n","protected":false},"author":2,"featured_media":0,"comment_status":"closed","ping_status":"closed","sticky":false,"template":"","format":"standard","meta":{"_seopress_robots_primary_cat":"","_seopress_titles_title":"","_seopress_titles_desc":"","_seopress_robots_index":"","footnotes":""},"categories":[71],"tags":[],"class_list":["post-5603","post","type-post","status-publish","format-standard","hentry","category-stylisme-des-produits-derives","generate-columns","tablet-grid-50","mobile-grid-100","grid-parent","grid-50"],"_links":{"self":[{"href":"https:\/\/www.vla-bag.ch\/fr\/wp-json\/wp\/v2\/posts\/5603","targetHints":{"allow":["GET"]}}],"collection":[{"href":"https:\/\/www.vla-bag.ch\/fr\/wp-json\/wp\/v2\/posts"}],"about":[{"href":"https:\/\/www.vla-bag.ch\/fr\/wp-json\/wp\/v2\/types\/post"}],"author":[{"embeddable":true,"href":"https:\/\/www.vla-bag.ch\/fr\/wp-json\/wp\/v2\/users\/2"}],"replies":[{"embeddable":true,"href":"https:\/\/www.vla-bag.ch\/fr\/wp-json\/wp\/v2\/comments?post=5603"}],"version-history":[{"count":1,"href":"https:\/\/www.vla-bag.ch\/fr\/wp-json\/wp\/v2\/posts\/5603\/revisions"}],"predecessor-version":[{"id":5605,"href":"https:\/\/www.vla-bag.ch\/fr\/wp-json\/wp\/v2\/posts\/5603\/revisions\/5605"}],"wp:attachment":[{"href":"https:\/\/www.vla-bag.ch\/fr\/wp-json\/wp\/v2\/media?parent=5603"}],"wp:term":[{"taxonomy":"category","embeddable":true,"href":"https:\/\/www.vla-bag.ch\/fr\/wp-json\/wp\/v2\/categories?post=5603"},{"taxonomy":"post_tag","embeddable":true,"href":"https:\/\/www.vla-bag.ch\/fr\/wp-json\/wp\/v2\/tags?post=5603"}],"curies":[{"name":"wp","href":"https:\/\/api.w.org\/{rel}","templated":true}]}}